{"id":5117,"date":"2025-02-17T14:03:29","date_gmt":"2025-02-17T14:03:29","guid":{"rendered":"https:\/\/gica.community\/?p=5117"},"modified":"2025-02-19T09:00:47","modified_gmt":"2025-02-19T09:00:47","slug":"electronic-waste-minimise","status":"publish","type":"post","link":"https:\/\/gica.community\/de\/electronic-waste-minimise","title":{"rendered":"Weniger Elektronikschrott: Minimieren"},"content":{"rendered":"<p>Stellen Sie sich Folgendes vor: eine Reihe von Lastwagen, die so lang ist, dass sie sich um den Erd\u00e4quator windet. F\u00fcllen Sie nun diese 1,5 Millionen Lastwagen mit Ihren ausrangierten Telefonen, kaputten Laptops und der Schublade voller Ladeger\u00e4te, die Sie \"nur f\u00fcr den Fall der F\u00e4lle\" aufbewahren. Willkommen in der Welt des Elektronikm\u00fclls, in der 62 Milliarden Kilo unserer digitalen Vergangenheit sterben - oder besser gesagt, sich weigern zu sterben und alles vergiften, was sie ber\u00fchren.<\/p>\n<h2 style=\"padding-left: 40px;\">Die brennende Wahrheit<\/h2>\n<p>Hier ist ein Realit\u00e4tscheck, der Sie dazu bringen wird, Ihr iPhone noch ein wenig l\u00e4nger zu behalten:<\/p>\n<p>80% unseres Elektronikschrotts landet in den H\u00e4nden von informellen Arbeitern in Entwicklungsl\u00e4ndern, die gezwungen sind, gef\u00e4hrliche Methoden anzuwenden, um zu \u00fcberleben. Ohne Zugang zu geeigneten Recyclingtechnologien verbrennen sie Leiterplatten und Kabel, um wertvolle Metalle wie Kupfer und Gold zu gewinnen.<\/p>\n<p>Ja, das ist die bittere Wahrheit: Menschen riskieren buchst\u00e4blich ihr Leben und ihre Gesundheit, indem sie giftige D\u00e4mpfe einatmen, nur um ein paar Dollar an Metall aus unseren ausrangierten Ger\u00e4ten zu gewinnen.<\/p>\n<figure id=\"attachment_5124\" aria-describedby=\"caption-attachment-5124\" style=\"width: 1006px\" class=\"wp-caption alignnone\"><img fetchpriority=\"high\" decoding=\"async\" class=\"size-full wp-image-5124\" src=\"https:\/\/gica.community\/wp-content\/uploads\/2025\/02\/Co-founders-Phillip-Boehm-Stefan-de-Linde-Florian-Fehr.png\" alt=\"Minimise Co-founders Phillip Boehm, Stefan de Linde, Florian Fehr\" width=\"1006\" height=\"750\" srcset=\"https:\/\/gica.community\/wp-content\/uploads\/2025\/02\/Co-founders-Phillip-Boehm-Stefan-de-Linde-Florian-Fehr.png 1006w, https:\/\/gica.community\/wp-content\/uploads\/2025\/02\/Co-founders-Phillip-Boehm-Stefan-de-Linde-Florian-Fehr-300x224.png 300w, https:\/\/gica.community\/wp-content\/uploads\/2025\/02\/Co-founders-Phillip-Boehm-Stefan-de-Linde-Florian-Fehr-768x573.png 768w, https:\/\/gica.community\/wp-content\/uploads\/2025\/02\/Co-founders-Phillip-Boehm-Stefan-de-Linde-Florian-Fehr-16x12.png 16w\" sizes=\"(max-width: 1006px) 100vw, 1006px\" \/><figcaption id=\"caption-attachment-5124\" class=\"wp-caption-text\">Minimise Mitbegr\u00fcnder Phillip Boehm, Stefan de Linde, Florian Fehr<\/figcaption><\/figure>\n<h2 style=\"padding-left: 40px;\">Vom Sportwagen zur Rettung des Planeten<\/h2>\n<p>Stefan de Linde hat wahrscheinlich nicht damit gerechnet, dass seine Tr\u00e4ume von der Automobilindustrie im wahrsten Sinne des Wortes auf dem M\u00fcll landen w\u00fcrden. <em>\"Mein Traum als Kind war es, in der Automobilbranche zu arbeiten\".<\/em> gibt er zu. Aber nachdem er erkannt hatte, dass die Produktion Teil des Problems sein k\u00f6nnte, tat er sich mit den Mitbegr\u00fcndern Philipp Boehm und Florian Fehr zusammen, um Teil der L\u00f6sung zu werden. Sie nennen es <a href=\"https:\/\/www.minimise.today\/\">Minimieren Sie<\/a>.<\/p>\n<figure id=\"attachment_5120\" aria-describedby=\"caption-attachment-5120\" style=\"width: 1006px\" class=\"wp-caption alignnone\"><img decoding=\"async\" class=\"size-full wp-image-5120\" src=\"https:\/\/gica.community\/wp-content\/uploads\/2025\/02\/WhatsApp-Image-2024-09-05-at-19.55.58.png\" alt=\"E-Waste Management by Minimise\" width=\"1006\" height=\"750\" srcset=\"https:\/\/gica.community\/wp-content\/uploads\/2025\/02\/WhatsApp-Image-2024-09-05-at-19.55.58.png 1006w, https:\/\/gica.community\/wp-content\/uploads\/2025\/02\/WhatsApp-Image-2024-09-05-at-19.55.58-300x224.png 300w, https:\/\/gica.community\/wp-content\/uploads\/2025\/02\/WhatsApp-Image-2024-09-05-at-19.55.58-768x573.png 768w, https:\/\/gica.community\/wp-content\/uploads\/2025\/02\/WhatsApp-Image-2024-09-05-at-19.55.58-16x12.png 16w\" sizes=\"(max-width: 1006px) 100vw, 1006px\" \/><figcaption id=\"caption-attachment-5120\" class=\"wp-caption-text\">E-M\u00fcll-Management von Minimise<\/figcaption><\/figure>\n<h2 style=\"padding-left: 40px;\">Die digitale Papierspur<\/h2>\n<p>Anstatt den informellen Abfallsektor zu bek\u00e4mpfen (wie es im Silicon Valley \u00fcblich ist), bringt Minimise diese Arbeiter durch etwas t\u00e4uschend Einfaches in die Gemeinschaft ein: \"proof-of-recycling\". In Zusammenarbeit mit Partnern wie <a href=\"https:\/\/niu-niu.io\/\">NIU NIU<\/a> in Mexiko, <a href=\"https:\/\/www.ecowork.international\/\">E[co]work<\/a> in Indien und Electrocycle in Sambia verwandeln sie informelle Abfallnetzwerke in professionelle Betriebe. <em>\"Sie arbeiten unerm\u00fcdlich daran, die von uns geforderten umweltfreundlichen Verfahren umzusetzen.<\/em> Stefan notiert.<\/p>\n<p>Betrachten Sie es als eine Art Geburtsurkunde f\u00fcr das Leben Ihres Ger\u00e4ts nach dem Tod. Jedes St\u00fcck Elektronikschrott wird in ihrer Softwareplattform dokumentiert, um ein ordnungsgem\u00e4\u00dfes Recycling zu gew\u00e4hrleisten und gleichzeitig den Arbeitern W\u00fcrde, Sicherheit und faire Bezahlung zu bieten. Das ist ein radikaler Wechsel von der Verbrennung von Kabeln in Hinterh\u00f6fen hin zu einem legitimen Recyclingbetrieb.<\/p>\n<figure id=\"attachment_5123\" aria-describedby=\"caption-attachment-5123\" style=\"width: 1006px\" class=\"wp-caption alignnone\"><img decoding=\"async\" class=\"size-full wp-image-5123\" src=\"https:\/\/gica.community\/wp-content\/uploads\/2025\/02\/Employee-of-Ecowork-Stefan-de-Linde-and-Employee-of-Landbell-GreenForest.png\" alt=\"Employee of E[co]work, Stefan de Linde, and Employee of Landbell GreenForest\" width=\"1006\" height=\"750\" srcset=\"https:\/\/gica.community\/wp-content\/uploads\/2025\/02\/Employee-of-Ecowork-Stefan-de-Linde-and-Employee-of-Landbell-GreenForest.png 1006w, https:\/\/gica.community\/wp-content\/uploads\/2025\/02\/Employee-of-Ecowork-Stefan-de-Linde-and-Employee-of-Landbell-GreenForest-300x224.png 300w, https:\/\/gica.community\/wp-content\/uploads\/2025\/02\/Employee-of-Ecowork-Stefan-de-Linde-and-Employee-of-Landbell-GreenForest-768x573.png 768w, https:\/\/gica.community\/wp-content\/uploads\/2025\/02\/Employee-of-Ecowork-Stefan-de-Linde-and-Employee-of-Landbell-GreenForest-16x12.png 16w\" sizes=\"(max-width: 1006px) 100vw, 1006px\" \/><figcaption id=\"caption-attachment-5123\" class=\"wp-caption-text\">Mitarbeiter von E[co]work, Stefan de Linde, und Mitarbeiter von Landbell GreenForest<\/figcaption><\/figure>\n<h2 style=\"padding-left: 40px;\">Das globale Upgrade<\/h2>\n<p>Was steht als N\u00e4chstes an? Von 50.000 Kilo gesammelten Abf\u00e4llen im Jahr 2024 sollen es bis 2025 500.000 sein.<em> \"Wir wollen in weitere L\u00e4nder wie Indonesien und Kenia expandieren\".<\/em> erkl\u00e4rt Stefan und entwirft eine Zukunft, in der \"M\u00fcllsammeln\" weniger nach einem schmutzigen Job und mehr nach einer globalen Umweltbewegung klingt.<\/p>\n<p>Wenn man Stefan fragt, warum er das alles tut, ist seine Antwort h\u00e4rter als ein fallengelassenes iPhone: <em>\"Die informellen M\u00fcllarbeiter in den Entwicklungsl\u00e4ndern haben ein besseres Leben verdient. Sie sollten nicht l\u00e4nger f\u00fcr einen geringen Gegenwert M\u00fcll sammeln m\u00fcssen oder in extrem verschmutzten Gebieten leben.\"<\/em><\/p>\n<figure id=\"attachment_5121\" aria-describedby=\"caption-attachment-5121\" style=\"width: 1006px\" class=\"wp-caption alignnone\"><img loading=\"lazy\" decoding=\"async\" class=\"size-full wp-image-5121\" src=\"https:\/\/gica.community\/wp-content\/uploads\/2025\/02\/WhatsApp-Image-2024-09-05-at-19.55.59-2.png\" alt=\"E-Waste Management by Minimise\" width=\"1006\" height=\"750\" srcset=\"https:\/\/gica.community\/wp-content\/uploads\/2025\/02\/WhatsApp-Image-2024-09-05-at-19.55.59-2.png 1006w, https:\/\/gica.community\/wp-content\/uploads\/2025\/02\/WhatsApp-Image-2024-09-05-at-19.55.59-2-300x224.png 300w, https:\/\/gica.community\/wp-content\/uploads\/2025\/02\/WhatsApp-Image-2024-09-05-at-19.55.59-2-768x573.png 768w, https:\/\/gica.community\/wp-content\/uploads\/2025\/02\/WhatsApp-Image-2024-09-05-at-19.55.59-2-16x12.png 16w\" sizes=\"(max-width: 1006px) 100vw, 1006px\" \/><figcaption id=\"caption-attachment-5121\" class=\"wp-caption-text\">E-M\u00fcll-Management von Minimise<\/figcaption><\/figure>\n<h2 style=\"padding-left: 40px;\">Das System-Update<\/h2>\n<p>F\u00fcr die GICA-Gemeinschaft ist dies nicht nur eine weitere gute Tech-Geschichte (schauen Sie sich einige unserer anderen <a href=\"https:\/\/gica.community\/heat-storage-berlin-climate-change-reduce-co2-emissions\/\">Artikel<\/a>). Wie Stefan es ausdr\u00fcckt, <em>\"Impactful Startups stehen und fallen mit einem erfolgreichen Gesch\u00e4ftsmodell. Das kann im Vergleich zu normalen Unternehmen schwieriger zu realisieren sein.\"<\/em> Und doch sind sie hier und beweisen, dass die n\u00e4chste gro\u00dfe Innovation nicht ein weiteres gl\u00e4nzendes Ger\u00e4t ist, sondern die Frage, was wir mit den Ger\u00e4ten machen, die wir bereits haben.<\/p>\n<p>Denn seien wir mal ehrlich... In einer Welt, die vom n\u00e4chsten Upgrade besessen ist, k\u00f6nnte die revolution\u00e4rste Handlung darin bestehen, sich einen Dreck darum zu scheren, was passiert, nachdem wir auf \"Kaufen\" geklickt haben. Und wenn das bedeutet, dass giftige Pl\u00fcnderungen in w\u00fcrdige Arbeit umgewandelt werden und gleichzeitig der Planet gerettet wird? Nun, das ist die Art von System-Update, hinter der wir alle stehen k\u00f6nnen.<\/p>\n<p>Stefan auf LinkedIn? <a href=\"https:\/\/www.linkedin.com\/in\/s-de-linde\/\">Hier<\/a>!<\/p>","protected":false},"excerpt":{"rendered":"<p>Stellen Sie sich Folgendes vor: eine Reihe von Lastwagen, die so lang ist, dass sie sich um den \u00c4quator der Erde wickelt. F\u00fcllen Sie nun diese 1,5 Millionen Lastwagen mit Ihren ausrangierten Telefonen, kaputten Laptops und der Schublade voller Ladeger\u00e4te, die Sie \"nur f\u00fcr den Fall der F\u00e4lle\" aufbewahren. Willkommen in der Welt des Elektronikm\u00fclls, in der 62 Milliarden Kilo unserer digitalen Vergangenheit auf dem M\u00fcll landen [...]<\/p>","protected":false},"author":7,"featured_media":5119,"comment_status":"open","ping_status":"open","sticky":false,"template":"","format":"standard","meta":{"footnotes":""},"categories":[10],"tags":[],"class_list":["post-5117","post","type-post","status-publish","format-standard","has-post-thumbnail","hentry","category-news"],"yoast_head":"<!-- This site is optimized with the Yoast SEO plugin v25.5 - https:\/\/yoast.com\/wordpress\/plugins\/seo\/ -->\n<title>Making Electronic Waste Less Evil: Minimise<\/title>\n<meta name=\"description\" content=\"Minimise Is Turning E-Waste Into Opportunity\u2014Because the Future Shouldn\u2019t Be Built on Pollution and Exploitation\" \/>\n<meta name=\"robots\" content=\"index, follow, max-snippet:-1, max-image-preview:large, max-video-preview:-1\" \/>\n<link rel=\"canonical\" href=\"https:\/\/gica.community\/de\/electronic-waste-minimise\/\" \/>\n<meta property=\"og:locale\" content=\"de_DE\" \/>\n<meta property=\"og:type\" content=\"article\" \/>\n<meta property=\"og:title\" content=\"Making Electronic Waste Less Evil: Minimise\" \/>\n<meta property=\"og:description\" content=\"Minimise Is Turning E-Waste Into Opportunity\u2014Because the Future Shouldn\u2019t Be Built on Pollution and Exploitation\" \/>\n<meta property=\"og:url\" content=\"https:\/\/gica.community\/de\/electronic-waste-minimise\/\" \/>\n<meta property=\"og:site_name\" content=\"GICA\" \/>\n<meta property=\"article:published_time\" content=\"2025-02-17T14:03:29+00:00\" \/>\n<meta property=\"article:modified_time\" content=\"2025-02-19T09:00:47+00:00\" \/>\n<meta property=\"og:image\" content=\"https:\/\/gica.community\/wp-content\/uploads\/2025\/02\/Co-founders-Florian-Fehr-Stefan-de-Linde-Phillip-Boehm.png\" \/>\n\t<meta property=\"og:image:width\" content=\"1006\" \/>\n\t<meta property=\"og:image:height\" content=\"750\" \/>\n\t<meta property=\"og:image:type\" content=\"image\/png\" \/>\n<meta name=\"author\" content=\"TeamGICA\" \/>\n<meta name=\"twitter:card\" content=\"summary_large_image\" \/>\n<meta name=\"twitter:label1\" content=\"Verfasst von\" \/>\n\t<meta name=\"twitter:data1\" content=\"TeamGICA\" \/>\n\t<meta name=\"twitter:label2\" content=\"Gesch\u00e4tzte Lesezeit\" \/>\n\t<meta name=\"twitter:data2\" content=\"4\u00a0Minuten\" \/>\n<script type=\"application\/ld+json\" class=\"yoast-schema-graph\">{\"@context\":\"https:\/\/schema.org\",\"@graph\":[{\"@type\":\"Article\",\"@id\":\"https:\/\/gica.community\/electronic-waste-minimise#article\",\"isPartOf\":{\"@id\":\"https:\/\/gica.community\/electronic-waste-minimise\"},\"author\":{\"name\":\"TeamGICA\",\"@id\":\"https:\/\/gica.community\/#\/schema\/person\/7305d71108759a26bb8e98e95db53862\"},\"headline\":\"Making Electronic Waste Less Evil: Minimise\",\"datePublished\":\"2025-02-17T14:03:29+00:00\",\"dateModified\":\"2025-02-19T09:00:47+00:00\",\"mainEntityOfPage\":{\"@id\":\"https:\/\/gica.community\/electronic-waste-minimise\"},\"wordCount\":639,\"commentCount\":0,\"publisher\":{\"@id\":\"https:\/\/gica.community\/#organization\"},\"image\":{\"@id\":\"https:\/\/gica.community\/electronic-waste-minimise#primaryimage\"},\"thumbnailUrl\":\"https:\/\/gica.community\/wp-content\/uploads\/2025\/02\/Co-founders-Florian-Fehr-Stefan-de-Linde-Phillip-Boehm.png\",\"articleSection\":[\"GICA News\"],\"inLanguage\":\"de\",\"potentialAction\":[{\"@type\":\"CommentAction\",\"name\":\"Comment\",\"target\":[\"https:\/\/gica.community\/electronic-waste-minimise#respond\"]}]},{\"@type\":\"WebPage\",\"@id\":\"https:\/\/gica.community\/electronic-waste-minimise\",\"url\":\"https:\/\/gica.community\/electronic-waste-minimise\",\"name\":\"Making Electronic Waste Less Evil: Minimise\",\"isPartOf\":{\"@id\":\"https:\/\/gica.community\/#website\"},\"primaryImageOfPage\":{\"@id\":\"https:\/\/gica.community\/electronic-waste-minimise#primaryimage\"},\"image\":{\"@id\":\"https:\/\/gica.community\/electronic-waste-minimise#primaryimage\"},\"thumbnailUrl\":\"https:\/\/gica.community\/wp-content\/uploads\/2025\/02\/Co-founders-Florian-Fehr-Stefan-de-Linde-Phillip-Boehm.png\",\"datePublished\":\"2025-02-17T14:03:29+00:00\",\"dateModified\":\"2025-02-19T09:00:47+00:00\",\"description\":\"Minimise Is Turning E-Waste Into Opportunity\u2014Because the Future Shouldn\u2019t Be Built on Pollution and Exploitation\",\"breadcrumb\":{\"@id\":\"https:\/\/gica.community\/electronic-waste-minimise#breadcrumb\"},\"inLanguage\":\"de\",\"potentialAction\":[{\"@type\":\"ReadAction\",\"target\":[\"https:\/\/gica.community\/electronic-waste-minimise\"]}]},{\"@type\":\"ImageObject\",\"inLanguage\":\"de\",\"@id\":\"https:\/\/gica.community\/electronic-waste-minimise#primaryimage\",\"url\":\"https:\/\/gica.community\/wp-content\/uploads\/2025\/02\/Co-founders-Florian-Fehr-Stefan-de-Linde-Phillip-Boehm.png\",\"contentUrl\":\"https:\/\/gica.community\/wp-content\/uploads\/2025\/02\/Co-founders-Florian-Fehr-Stefan-de-Linde-Phillip-Boehm.png\",\"width\":1006,\"height\":750,\"caption\":\"Minimise Co-founders Florian Fehr, Stefan de Linde, Phillip Boehm\"},{\"@type\":\"BreadcrumbList\",\"@id\":\"https:\/\/gica.community\/electronic-waste-minimise#breadcrumb\",\"itemListElement\":[{\"@type\":\"ListItem\",\"position\":1,\"name\":\"Startseite\",\"item\":\"https:\/\/gica.community\/\"},{\"@type\":\"ListItem\",\"position\":2,\"name\":\"Making Electronic Waste Less Evil: Minimise\"}]},{\"@type\":\"WebSite\",\"@id\":\"https:\/\/gica.community\/#website\",\"url\":\"https:\/\/gica.community\/\",\"name\":\"GICA\",\"description\":\"Gloabal Impact Capital Alliance\",\"publisher\":{\"@id\":\"https:\/\/gica.community\/#organization\"},\"potentialAction\":[{\"@type\":\"SearchAction\",\"target\":{\"@type\":\"EntryPoint\",\"urlTemplate\":\"https:\/\/gica.community\/?s={search_term_string}\"},\"query-input\":{\"@type\":\"PropertyValueSpecification\",\"valueRequired\":true,\"valueName\":\"search_term_string\"}}],\"inLanguage\":\"de\"},{\"@type\":\"Organization\",\"@id\":\"https:\/\/gica.community\/#organization\",\"name\":\"GICA - Global Impact Capital Alliance\",\"url\":\"https:\/\/gica.community\/\",\"logo\":{\"@type\":\"ImageObject\",\"inLanguage\":\"de\",\"@id\":\"https:\/\/gica.community\/#\/schema\/logo\/image\/\",\"url\":\"https:\/\/gica.community\/wp-content\/uploads\/2023\/11\/cropped-cropped-cropped-cropped-cropped-cropped-cropped-cropped-GICA-Logo-Global-Impact-Capital-Alliance.png\",\"contentUrl\":\"https:\/\/gica.community\/wp-content\/uploads\/2023\/11\/cropped-cropped-cropped-cropped-cropped-cropped-cropped-cropped-GICA-Logo-Global-Impact-Capital-Alliance.png\",\"width\":1385,\"height\":450,\"caption\":\"GICA - Global Impact Capital Alliance\"},\"image\":{\"@id\":\"https:\/\/gica.community\/#\/schema\/logo\/image\/\"},\"sameAs\":[\"https:\/\/www.instagram.com\/gica.community\/\"]},{\"@type\":\"Person\",\"@id\":\"https:\/\/gica.community\/#\/schema\/person\/7305d71108759a26bb8e98e95db53862\",\"name\":\"TeamGICA\",\"url\":\"https:\/\/gica.community\/de\/author\/teamgica\"}]}<\/script>\n<!-- \/ Yoast SEO plugin. -->","yoast_head_json":{"title":"Making Electronic Waste Less Evil: Minimise","description":"Minimise Is Turning E-Waste Into Opportunity\u2014Because the Future Shouldn\u2019t Be Built on Pollution and Exploitation","robots":{"index":"index","follow":"follow","max-snippet":"max-snippet:-1","max-image-preview":"max-image-preview:large","max-video-preview":"max-video-preview:-1"},"canonical":"https:\/\/gica.community\/de\/electronic-waste-minimise\/","og_locale":"de_DE","og_type":"article","og_title":"Making Electronic Waste Less Evil: Minimise","og_description":"Minimise Is Turning E-Waste Into Opportunity\u2014Because the Future Shouldn\u2019t Be Built on Pollution and Exploitation","og_url":"https:\/\/gica.community\/de\/electronic-waste-minimise\/","og_site_name":"GICA","article_published_time":"2025-02-17T14:03:29+00:00","article_modified_time":"2025-02-19T09:00:47+00:00","og_image":[{"width":1006,"height":750,"url":"https:\/\/gica.community\/wp-content\/uploads\/2025\/02\/Co-founders-Florian-Fehr-Stefan-de-Linde-Phillip-Boehm.png","type":"image\/png"}],"author":"TeamGICA","twitter_card":"summary_large_image","twitter_misc":{"Verfasst von":"TeamGICA","Gesch\u00e4tzte Lesezeit":"4\u00a0Minuten"},"schema":{"@context":"https:\/\/schema.org","@graph":[{"@type":"Article","@id":"https:\/\/gica.community\/electronic-waste-minimise#article","isPartOf":{"@id":"https:\/\/gica.community\/electronic-waste-minimise"},"author":{"name":"TeamGICA","@id":"https:\/\/gica.community\/#\/schema\/person\/7305d71108759a26bb8e98e95db53862"},"headline":"Making Electronic Waste Less Evil: Minimise","datePublished":"2025-02-17T14:03:29+00:00","dateModified":"2025-02-19T09:00:47+00:00","mainEntityOfPage":{"@id":"https:\/\/gica.community\/electronic-waste-minimise"},"wordCount":639,"commentCount":0,"publisher":{"@id":"https:\/\/gica.community\/#organization"},"image":{"@id":"https:\/\/gica.community\/electronic-waste-minimise#primaryimage"},"thumbnailUrl":"https:\/\/gica.community\/wp-content\/uploads\/2025\/02\/Co-founders-Florian-Fehr-Stefan-de-Linde-Phillip-Boehm.png","articleSection":["GICA News"],"inLanguage":"de","potentialAction":[{"@type":"CommentAction","name":"Comment","target":["https:\/\/gica.community\/electronic-waste-minimise#respond"]}]},{"@type":"WebPage","@id":"https:\/\/gica.community\/electronic-waste-minimise","url":"https:\/\/gica.community\/electronic-waste-minimise","name":"Making Electronic Waste Less Evil: Minimise","isPartOf":{"@id":"https:\/\/gica.community\/#website"},"primaryImageOfPage":{"@id":"https:\/\/gica.community\/electronic-waste-minimise#primaryimage"},"image":{"@id":"https:\/\/gica.community\/electronic-waste-minimise#primaryimage"},"thumbnailUrl":"https:\/\/gica.community\/wp-content\/uploads\/2025\/02\/Co-founders-Florian-Fehr-Stefan-de-Linde-Phillip-Boehm.png","datePublished":"2025-02-17T14:03:29+00:00","dateModified":"2025-02-19T09:00:47+00:00","description":"Minimise Is Turning E-Waste Into Opportunity\u2014Because the Future Shouldn\u2019t Be Built on Pollution and Exploitation","breadcrumb":{"@id":"https:\/\/gica.community\/electronic-waste-minimise#breadcrumb"},"inLanguage":"de","potentialAction":[{"@type":"ReadAction","target":["https:\/\/gica.community\/electronic-waste-minimise"]}]},{"@type":"ImageObject","inLanguage":"de","@id":"https:\/\/gica.community\/electronic-waste-minimise#primaryimage","url":"https:\/\/gica.community\/wp-content\/uploads\/2025\/02\/Co-founders-Florian-Fehr-Stefan-de-Linde-Phillip-Boehm.png","contentUrl":"https:\/\/gica.community\/wp-content\/uploads\/2025\/02\/Co-founders-Florian-Fehr-Stefan-de-Linde-Phillip-Boehm.png","width":1006,"height":750,"caption":"Minimise Co-founders Florian Fehr, Stefan de Linde, Phillip Boehm"},{"@type":"BreadcrumbList","@id":"https:\/\/gica.community\/electronic-waste-minimise#breadcrumb","itemListElement":[{"@type":"ListItem","position":1,"name":"Startseite","item":"https:\/\/gica.community\/"},{"@type":"ListItem","position":2,"name":"Making Electronic Waste Less Evil: Minimise"}]},{"@type":"WebSite","@id":"https:\/\/gica.community\/#website","url":"https:\/\/gica.community\/","name":"GICA","description":"Gloabal Impact Capital Alliance","publisher":{"@id":"https:\/\/gica.community\/#organization"},"potentialAction":[{"@type":"SearchAction","target":{"@type":"EntryPoint","urlTemplate":"https:\/\/gica.community\/?s={search_term_string}"},"query-input":{"@type":"PropertyValueSpecification","valueRequired":true,"valueName":"search_term_string"}}],"inLanguage":"de"},{"@type":"Organization","@id":"https:\/\/gica.community\/#organization","name":"GICA - Global Impact Capital Alliance","url":"https:\/\/gica.community\/","logo":{"@type":"ImageObject","inLanguage":"de","@id":"https:\/\/gica.community\/#\/schema\/logo\/image\/","url":"https:\/\/gica.community\/wp-content\/uploads\/2023\/11\/cropped-cropped-cropped-cropped-cropped-cropped-cropped-cropped-GICA-Logo-Global-Impact-Capital-Alliance.png","contentUrl":"https:\/\/gica.community\/wp-content\/uploads\/2023\/11\/cropped-cropped-cropped-cropped-cropped-cropped-cropped-cropped-GICA-Logo-Global-Impact-Capital-Alliance.png","width":1385,"height":450,"caption":"GICA - Global Impact Capital Alliance"},"image":{"@id":"https:\/\/gica.community\/#\/schema\/logo\/image\/"},"sameAs":["https:\/\/www.instagram.com\/gica.community\/"]},{"@type":"Person","@id":"https:\/\/gica.community\/#\/schema\/person\/7305d71108759a26bb8e98e95db53862","name":"TeamGICA","url":"https:\/\/gica.community\/de\/author\/teamgica"}]}},"_links":{"self":[{"href":"https:\/\/gica.community\/de\/wp-json\/wp\/v2\/posts\/5117","targetHints":{"allow":["GET"]}}],"collection":[{"href":"https:\/\/gica.community\/de\/wp-json\/wp\/v2\/posts"}],"about":[{"href":"https:\/\/gica.community\/de\/wp-json\/wp\/v2\/types\/post"}],"author":[{"embeddable":true,"href":"https:\/\/gica.community\/de\/wp-json\/wp\/v2\/users\/7"}],"replies":[{"embeddable":true,"href":"https:\/\/gica.community\/de\/wp-json\/wp\/v2\/comments?post=5117"}],"version-history":[{"count":5,"href":"https:\/\/gica.community\/de\/wp-json\/wp\/v2\/posts\/5117\/revisions"}],"predecessor-version":[{"id":5279,"href":"https:\/\/gica.community\/de\/wp-json\/wp\/v2\/posts\/5117\/revisions\/5279"}],"wp:featuredmedia":[{"embeddable":true,"href":"https:\/\/gica.community\/de\/wp-json\/wp\/v2\/media\/5119"}],"wp:attachment":[{"href":"https:\/\/gica.community\/de\/wp-json\/wp\/v2\/media?parent=5117"}],"wp:term":[{"taxonomy":"category","embeddable":true,"href":"https:\/\/gica.community\/de\/wp-json\/wp\/v2\/categories?post=5117"},{"taxonomy":"post_tag","embeddable":true,"href":"https:\/\/gica.community\/de\/wp-json\/wp\/v2\/tags?post=5117"}],"curies":[{"name":"wp","href":"https:\/\/api.w.org\/{rel}","templated":true}]}}